{"id":4306,"date":"2023-06-18T16:28:05","date_gmt":"2023-06-18T16:28:05","guid":{"rendered":"https:\/\/jordidiezfernandez.com\/utrera-disposera-dun-monument-dedie-a-abate-marchena-oeuvre-du-prestigieux-sculpteur-jordi-diez\/"},"modified":"2024-08-14T11:20:06","modified_gmt":"2024-08-14T11:20:06","slug":"utrera-disposera-dun-monument-dedie-a-abate-marchena-oeuvre-du-prestigieux-sculpteur-jordi-diez","status":"publish","type":"post","link":"https:\/\/jordidiezfernandez.com\/fr\/utrera-disposera-dun-monument-dedie-a-abate-marchena-oeuvre-du-prestigieux-sculpteur-jordi-diez\/","title":{"rendered":"Utrera disposera d&rsquo;un monument d\u00e9di\u00e9 \u00e0 Abate Marchena, \u0153uvre du prestigieux sculpteur Jordi D\u00edez."},"content":{"rendered":"\n<p><strong>Article publi\u00e9 dans Utrera Digital<\/strong><\/p>\n\n\n\n<p>Utrera va\nla pr\u00e9sence d&rsquo;un monument dans ses rues dans un avenir proche.\nd\u00e9di\u00e9 \u00e0 l&rsquo;abb\u00e9 Marchena. Elle sera r\u00e9alis\u00e9e par le prestigieux artiste\nJordi D\u00edez, originaire de Valladolid, qui a tent\u00e9 de capturer dans une \u0153uvre artistique la\nL&rsquo;indomptable caract\u00e8re de l&rsquo;intellectuel d&rsquo;Utrera. L&rsquo;intention est de l&rsquo;inaugurer\nle 31 janvier ou autour de cette date, date comm\u00e9morative de la mort de la\nutreran.<\/p>\n\n\n\n<p>Il s&rsquo;agit du point culminant de l&rsquo;ann\u00e9e culturelle de l&rsquo;Abate Marchena, c&rsquo;est pourquoi ce mardi, plusieurs membres de la corporation municipale, avec le maire en t\u00eate, ont accompagn\u00e9 l&rsquo;artiste qui a \u00e9t\u00e9 charg\u00e9 de cr\u00e9er le monument. Tous ont visit\u00e9 la ville, dans le but de trouver le meilleur emplacement pour ce m\u00e9morial permanent en l&rsquo;honneur de l&rsquo;illustrateur.<\/p>\n\n\n\n<figure class=\"wp-block-image size-large\"><img fetchpriority=\"high\" decoding=\"async\" width=\"626\" height=\"398\" src=\"https:\/\/jordidiezfernandez.com\/wp-content\/uploads\/2020\/03\/Untitled2.png\" alt=\"\" class=\"wp-image-1227\" srcset=\"https:\/\/jordidiezfernandez.com\/wp-content\/uploads\/2020\/03\/Untitled2.png 626w, https:\/\/jordidiezfernandez.com\/wp-content\/uploads\/2020\/03\/Untitled2-300x191.png 300w\" sizes=\"(max-width: 626px) 100vw, 626px\" \/><figcaption class=\"wp-element-caption\">Le maire, avec l&rsquo;auteur du monument<br><\/figcaption><\/figure>\n\n\n\n<p>Jordi D\u00edez d\u00e9j\u00e0\na pratiquement achev\u00e9 ce travail, qui s&rsquo;ajoutera \u00e0 la liste des\npersonnages illustres qui se distinguent dans les rues d&rsquo;Utrera. Il s&rsquo;agit d&rsquo;un\nsculpteur exp\u00e9riment\u00e9, il a \u00e9tudi\u00e9 les Beaux-Arts \u00e0 l&rsquo;Universit\u00e9 de Paris II.\nUniversit\u00e9 Complutense de Madrid et s&rsquo;est sp\u00e9cialis\u00e9e depuis 2007 dans les domaines suivants\n\u0153uvres r\u00e9alis\u00e9es exclusivement avec de l&rsquo;acier. Il convient de souligner des travaux tels que le\ninterpr\u00e9tation sculpturale du sac \u00ab\u00a0Amazona\u00a0\u00bb de Loewe pour la vitrine de l&rsquo;exposition.\nla boutique que cette marque poss\u00e8de dans la Gran V\u00eda \u00e0 Madrid ou les \u00e9l\u00e9ments\ncouverts exclusifs command\u00e9s par El Celler de Can Roca. Il a travaill\u00e9 dans\ndes projets artistiques dans des lieux tels que San Francisco, l&rsquo;Arabie Saoudite, l&rsquo;Irak, l&rsquo;Irak ou la Turquie.\nSingapour.<\/p>\n\n\n\n<p>L&rsquo;une des principales difficult\u00e9s dans l&rsquo;approche d&rsquo;un personnage comme l&rsquo;abb\u00e9 Marchena, encore plus extr\u00eame pour un artiste plasticien, est que si la litt\u00e9rature a l\u00e9gu\u00e9 de nombreuses descriptions physiques du natif d&rsquo;Utrera &#8211; la plupart d&rsquo;entre elles se concentrant sur ses nombreux d\u00e9fauts &#8211; aucun portrait de son visage n&rsquo;a surv\u00e9cu jusqu&rsquo;\u00e0 aujourd&rsquo;hui. L&rsquo;artiste a reconnu qu&rsquo;il s&rsquo;agissait d&rsquo;une commande tr\u00e8s sp\u00e9ciale, assurant que \u00ab\u00a0je n&rsquo;avais jamais fait de monument sans visage auparavant, l&rsquo;expressivit\u00e9 de la sculpture s&rsquo;est d\u00e9plac\u00e9e vers d&rsquo;autres domaines, cela a \u00e9t\u00e9 un d\u00e9fi expressif tr\u00e8s particulier et sp\u00e9cial pour moi. La puissance du personnage \u00e9tait due davantage \u00e0 son intelligence qu&rsquo;\u00e0 sa pr\u00e9sence physique\u00a0\u00bb.<\/p>\n\n\n\n<p><a href=\"https:\/\/www.utreradigital.com\/web\/tag\/jordi-diez\/\">Voir l&rsquo;article original<\/a><\/p>\n","protected":false},"excerpt":{"rendered":"<p>Article publi\u00e9 dans Utrera Digital Utrera va la pr\u00e9sence d&rsquo;un monument dans ses rues dans un avenir proche. d\u00e9di\u00e9 \u00e0 l&rsquo;abb\u00e9 Marchena. Elle sera r\u00e9alis\u00e9e par le prestigieux artiste Jordi D\u00edez, originaire de Valladolid, qui a tent\u00e9 de capturer dans une \u0153uvre artistique la L&rsquo;indomptable caract\u00e8re de l&rsquo;intellectuel d&rsquo;Utrera. L&rsquo;intention est de l&rsquo;inaugurer le 31 [&hellip;]<\/p>\n","protected":false},"author":1,"featured_media":4542,"comment_status":"closed","ping_status":"open","sticky":false,"template":"","format":"standard","meta":{"_acf_changed":false,"footnotes":""},"categories":[11,33],"tags":[],"class_list":["post-4306","post","type-post","status-publish","format-standard","has-post-thumbnail","hentry","category-non-classifiee","category-post-fr"],"acf":[],"_links":{"self":[{"href":"https:\/\/jordidiezfernandez.com\/fr\/wp-json\/wp\/v2\/posts\/4306","targetHints":{"allow":["GET"]}}],"collection":[{"href":"https:\/\/jordidiezfernandez.com\/fr\/wp-json\/wp\/v2\/posts"}],"about":[{"href":"https:\/\/jordidiezfernandez.com\/fr\/wp-json\/wp\/v2\/types\/post"}],"author":[{"embeddable":true,"href":"https:\/\/jordidiezfernandez.com\/fr\/wp-json\/wp\/v2\/users\/1"}],"replies":[{"embeddable":true,"href":"https:\/\/jordidiezfernandez.com\/fr\/wp-json\/wp\/v2\/comments?post=4306"}],"version-history":[{"count":2,"href":"https:\/\/jordidiezfernandez.com\/fr\/wp-json\/wp\/v2\/posts\/4306\/revisions"}],"predecessor-version":[{"id":4607,"href":"https:\/\/jordidiezfernandez.com\/fr\/wp-json\/wp\/v2\/posts\/4306\/revisions\/4607"}],"wp:featuredmedia":[{"embeddable":true,"href":"https:\/\/jordidiezfernandez.com\/fr\/wp-json\/wp\/v2\/media\/4542"}],"wp:attachment":[{"href":"https:\/\/jordidiezfernandez.com\/fr\/wp-json\/wp\/v2\/media?parent=4306"}],"wp:term":[{"taxonomy":"category","embeddable":true,"href":"https:\/\/jordidiezfernandez.com\/fr\/wp-json\/wp\/v2\/categories?post=4306"},{"taxonomy":"post_tag","embeddable":true,"href":"https:\/\/jordidiezfernandez.com\/fr\/wp-json\/wp\/v2\/tags?post=4306"}],"curies":[{"name":"wp","href":"https:\/\/api.w.org\/{rel}","templated":true}]}}