{"id":4356,"date":"2023-06-18T16:42:06","date_gmt":"2023-06-18T16:42:06","guid":{"rendered":"https:\/\/jordidiezfernandez.com\/exposition-dart-de-rue-du-sculpteur-jordi-diez\/"},"modified":"2024-08-14T11:20:06","modified_gmt":"2024-08-14T11:20:06","slug":"exposition-dart-de-rue-du-sculpteur-jordi-diez","status":"publish","type":"post","link":"https:\/\/jordidiezfernandez.com\/fr\/exposition-dart-de-rue-du-sculpteur-jordi-diez\/","title":{"rendered":"Exposition d&rsquo;art de rue du sculpteur Jordi D\u00edez"},"content":{"rendered":"\n<p><strong>ART AL CARRER EL TR\u00c0NSIT.\nCR\u00d2NICA D&rsquo;UN CAM\u00cd La transpar\u00e8ncia del l&rsquo;acer. Exposition de sculptures Jordi\nD\u00edez Fern\u00e1ndez<\/strong><\/p>\n\n\n\n<p>Exposition\nexposition d&rsquo;art de la rue \u00ab\u00a0El tr\u00e0nsit. Cr\u00f2nica d&rsquo;un cam\u00ed\u00a0\u00bb du sculpteur Jordi D\u00edez. Il est\nLes nouvelles sculptures en acier sont r\u00e9parties autour du centre de l&rsquo;\u00e9glise paroissiale.<\/p>\n\n\n\n<p>L&rsquo;expression\nLa figuration, en particulier la figure humaine, est l&rsquo;axe autour duquel s&rsquo;articule l&rsquo;\u0153uvre de l&rsquo;artiste.\nJordi D\u00edez. Au cours des diff\u00e9rentes \u00e9tapes sculpturales qu&rsquo;il a franchies, il a d\u00e9velopp\u00e9 les sculptures suivantes\nl&rsquo;utilisation de mat\u00e9riaux divers tels que la pierre, le fer, le bois et le bois de feu.\nterre cuite. Ces mat\u00e9riaux sont le pr\u00e9lude \u00e0 un travail exclusivement en acier,\nun m\u00e9tal qui fournit la qualit\u00e9 de l&rsquo;\u00e9clairage, parmi beaucoup d&rsquo;autres, et\nqui fait de ses cr\u00e9ations une nouveaut\u00e9 artistique, admir\u00e9e par le public et la soci\u00e9t\u00e9.\nexperts en art figuratif.<\/p>\n\n\n\n<p>L&rsquo;\u0153uvre de Jordi D\u00edez est diffus\u00e9e dans l&rsquo;ensemble de l&rsquo;Union europ\u00e9enne.\ndans le monde entier, dans des mus\u00e9es, des espaces publics et des collections priv\u00e9es. Il est consid\u00e9r\u00e9 comme\npar de nombreux experts comme l&rsquo;un des sculpteurs les plus renomm\u00e9s au niveau international. Jordi D\u00edez\nFern\u00e1ndez, sculpteur Plus d&rsquo;informations : www.jordidiezfernandez.com.<\/p>\n\n\n\n<p>Tot\nvoyage, tout v\u00e9ritable voyage comporte trois \u00e9tapes fondamentales : la s\u00e9paration, la transition et le retour.\nl&rsquo;incorporation. La s\u00e9paration est l&rsquo;ali\u00e9nation de l&rsquo;environnement connu, sans doute, pour\nentrer dans une zone inconnue. La transition est la p\u00e9riode au cours de laquelle ce que nous savons\nest laiss\u00e9 derri\u00e8re comme s&rsquo;il s&rsquo;agissait d&rsquo;un dernier, r\u00e9cup\u00e9rant ainsi la surprise. L&rsquo;incorporation se r\u00e9f\u00e8re \u00e0\nIl s&rsquo;agit d&rsquo;une nouvelle personne, dans laquelle l&rsquo;authentique romain et le superflu sont morts.\nCet itin\u00e9raire sculptural propose quelques \u00e9tapes du voyage.<\/p>\n\n\n\n<p>S\u00c9PARATION :\nTOR\u00c7 : La fortalesa necess\u00e0ria. (Carrer dels Veedors).<\/p>\n\n\n\n<p>TENNIS :\nun dur travail Proche de la perfection. (Carrer dels Veedors).<\/p>\n\n\n\n<p>AMANTS\nD&rsquo;ACER : Desaparici\u00f3 del jo. (Pla\u00e7a Lal\u00edn).<\/p>\n\n\n\n<p>TRANSITION :<\/p>\n\n\n\n<p>CAPS :\nLe regard \u00e9ternel. (Parc de la Mola et avinguda Carlemany, al\u00e7ada pla\u00e7a\nCoprinceps).<\/p>\n\n\n\n<p>LLINDAR :\nPortail de transition. Une figure f\u00e9minine qui vous invite \u00e0 cr\u00e9er l&rsquo;amb Llindar\nconfiance. (Parc de la Mola).<\/p>\n\n\n\n<p>TRIBUT\nLITA CABELLUT : L&rsquo;absence sereine de besoin de terre et de r\u00e9f\u00e9rence.\n(Avinguda Carlemany, \u00e0 c\u00f4t\u00e9 du parking de l&rsquo;\u00e9glise).<\/p>\n\n\n\n<p>AGE\nQUOD AGIS : Ascensi\u00f3. (Avinguda Carlemany, \u00e0 c\u00f4t\u00e9 de l&rsquo;office du tourisme).<\/p>\n\n\n\n<p>INCORPORATION<\/p>\n\n\n\n<p>AILE\nMAN : Ofrena i acomiadament. (Pla\u00e7a Santa Anna).<\/p>\n\n\n\n<p>De\n4 de juliol al 29 de setembre del 2018 A l&rsquo;entorn de l&rsquo;exposici\u00f3 :<\/p>\n\n\n\n<p>&#8211; Atelier pour enfants El cam\u00ed secret,\nvisite guid\u00e9e des sculptures par Jordi D\u00edez, sculpteur, le samedi 22\nSeptembre, \u00e0 17 heures, pour les enfants de 9 \u00e0 12 ans, point de rencontre au CAEE,\nplaces limit\u00e9es, r\u00e9servations au t\u00e9l. 802255 <a href=\"mailto:centreart@e-e.ad\">centreart@e-e.ad<\/a><\/p>\n\n\n\n<p>&#8211; Conf\u00e9rence El que s\u00e9 sobre l&rsquo;art. Qu\u00e8 \u00e9s i per a qu\u00e8 ens serveix, a c\u00e0rrec de Jordi D\u00edez, escultor, a les 20 h, al CAEE.<\/p>\n\n\n\n<p><a href=\"https:\/\/www.e-e.ad\/publicacio\/3351\/exposicio-dart-al-carrer-de-lescultor-jordi-diez\">Voir l&rsquo;article original<\/a><\/p>\n","protected":false},"excerpt":{"rendered":"<p>ART AL CARRER EL TR\u00c0NSIT. CR\u00d2NICA D&rsquo;UN CAM\u00cd La transpar\u00e8ncia del l&rsquo;acer. Exposition de sculptures Jordi D\u00edez Fern\u00e1ndez Exposition exposition d&rsquo;art de la rue \u00ab\u00a0El tr\u00e0nsit. Cr\u00f2nica d&rsquo;un cam\u00ed\u00a0\u00bb du sculpteur Jordi D\u00edez. Il est Les nouvelles sculptures en acier sont r\u00e9parties autour du centre de l&rsquo;\u00e9glise paroissiale. L&rsquo;expression La figuration, en particulier la figure [&hellip;]<\/p>\n","protected":false},"author":1,"featured_media":4560,"comment_status":"closed","ping_status":"open","sticky":false,"template":"","format":"standard","meta":{"_acf_changed":false,"footnotes":""},"categories":[11,33],"tags":[],"class_list":["post-4356","post","type-post","status-publish","format-standard","has-post-thumbnail","hentry","category-non-classifiee","category-post-fr"],"acf":[],"_links":{"self":[{"href":"https:\/\/jordidiezfernandez.com\/fr\/wp-json\/wp\/v2\/posts\/4356","targetHints":{"allow":["GET"]}}],"collection":[{"href":"https:\/\/jordidiezfernandez.com\/fr\/wp-json\/wp\/v2\/posts"}],"about":[{"href":"https:\/\/jordidiezfernandez.com\/fr\/wp-json\/wp\/v2\/types\/post"}],"author":[{"embeddable":true,"href":"https:\/\/jordidiezfernandez.com\/fr\/wp-json\/wp\/v2\/users\/1"}],"replies":[{"embeddable":true,"href":"https:\/\/jordidiezfernandez.com\/fr\/wp-json\/wp\/v2\/comments?post=4356"}],"version-history":[{"count":2,"href":"https:\/\/jordidiezfernandez.com\/fr\/wp-json\/wp\/v2\/posts\/4356\/revisions"}],"predecessor-version":[{"id":4608,"href":"https:\/\/jordidiezfernandez.com\/fr\/wp-json\/wp\/v2\/posts\/4356\/revisions\/4608"}],"wp:featuredmedia":[{"embeddable":true,"href":"https:\/\/jordidiezfernandez.com\/fr\/wp-json\/wp\/v2\/media\/4560"}],"wp:attachment":[{"href":"https:\/\/jordidiezfernandez.com\/fr\/wp-json\/wp\/v2\/media?parent=4356"}],"wp:term":[{"taxonomy":"category","embeddable":true,"href":"https:\/\/jordidiezfernandez.com\/fr\/wp-json\/wp\/v2\/categories?post=4356"},{"taxonomy":"post_tag","embeddable":true,"href":"https:\/\/jordidiezfernandez.com\/fr\/wp-json\/wp\/v2\/tags?post=4356"}],"curies":[{"name":"wp","href":"https:\/\/api.w.org\/{rel}","templated":true}]}}